{"id":4040,"date":"2026-01-15T08:30:00","date_gmt":"2026-01-15T11:30:00","guid":{"rendered":"https:\/\/www.franzoi.com.br\/?p=4040"},"modified":"2025-12-12T10:20:27","modified_gmt":"2025-12-12T13:20:27","slug":"setor-madeireiro-rumo-a-2026-reorganizacao-cautela-e-eficiencia-no-uso-das-serras","status":"publish","type":"post","link":"https:\/\/www.franzoi.com.br\/es\/setor-madeireiro-rumo-a-2026-reorganizacao-cautela-e-eficiencia-no-uso-das-serras\/","title":{"rendered":"Setor madeireiro rumo a 2026: reorganiza\u00e7\u00e3o, cautela e efici\u00eancia no uso das serras"},"content":{"rendered":"<p>Depois de um 2025 marcado por tarifas adicionais dos Estados Unidos, risco de novas investiga\u00e7\u00f5es comerciais, avan\u00e7o do regulamento europeu contra o desmatamento (EUDR) e instabilidades, o setor madeireiro brasileiro enfrentou diversos desafios em rela\u00e7\u00e3o aos seus principais mercados compradores. Mesmo assim, a ind\u00fastria encerra o ano mostrando <strong>maturidade, resili\u00eancia e capacidade de adapta\u00e7\u00e3o<\/strong>, ajustando mercados, produtos e opera\u00e7\u00f5es internas para continuar competitiva.<\/p>\n\n\n\n<p>Nesse contexto, 2026 \u00e9 visto n\u00e3o como um ano de euforia, mas sim de <strong>acomoda\u00e7\u00e3o estrat\u00e9gica<\/strong>: mais do que produzir volume, o foco tende a ser decidir <em>como<\/em> produzir melhor. Isso significa revisar custos, enxugar desperd\u00edcios, priorizar nichos e aplica\u00e7\u00f5es de maior valor agregado e investir em solu\u00e7\u00f5es que tragam efici\u00eancia real, entre elas, ferramentas de corte mais modernas, est\u00e1veis e bem dimensionadas para cada tipo de processo.<\/p>\n\n\n\n<p>Para as empresas do setor madeireiro, isso significa que <strong>olhar para dentro da f\u00e1brica<\/strong> deixou de ser op\u00e7\u00e3o e virou necessidade: otimizar processos e reduzir perdas ao longo da linha s\u00e3o movimentos obrigat\u00f3rios. E, nesse esfor\u00e7o, o uso das serras se torna uma das principais alavancas de competitividade. Serras de maior desempenho, bem especificadas e bem cuidadas, ajudam a reduzir retrabalho, estabilizar o processo e melhorar a previsibilidade dos resultados.<\/p>\n\n\n\n<p>A Franzoi acompanha de perto esse movimento. A empresa refor\u00e7a solu\u00e7\u00f5es focadas em <strong>rendimento de corte, precis\u00e3o e estabilidade<\/strong>, como a Serra Fita Baukus e uma linha completa de serras para serrarias, multil\u00e2minas, otimizadoras, refiladeiras e equipamentos de afia\u00e7\u00e3o e lamina\u00e7\u00e3o. Em um 2026 de reorganiza\u00e7\u00e3o e cautela, serrarias que tratarem suas serras n\u00e3o apenas como um custo, mas como parte central da estrat\u00e9gia operacional, tendem a aproveitar melhor a madeira, reduzir retrabalho e chegar mais fortes ao pr\u00f3ximo ciclo.<\/p>\n\n\n\n<p><\/p>","protected":false},"excerpt":{"rendered":"<p>Depois de um 2025 marcado por tarifas adicionais dos Estados Unidos, risco de novas investiga\u00e7\u00f5es comerciais, avan\u00e7o do regulamento europeu [&hellip;]<\/p>\n","protected":false},"author":2,"featured_media":4041,"comment_status":"open","ping_status":"open","sticky":false,"template":"","format":"standard","meta":{"site-sidebar-layout":"default","site-content-layout":"","ast-site-content-layout":"","site-content-style":"default","site-sidebar-style":"default","ast-global-header-display":"","ast-banner-title-visibility":"","ast-main-header-display":"","ast-hfb-above-header-display":"","ast-hfb-below-header-display":"","ast-hfb-mobile-header-display":"","site-post-title":"","ast-breadcrumbs-content":"","ast-featured-img":"","footer-sml-layout":"","theme-transparent-header-meta":"","adv-header-id-meta":"","stick-header-meta":"","header-above-stick-meta":"","header-main-stick-meta":"","header-below-stick-meta":"","astra-migrate-meta-layouts":"default","ast-page-background-enabled":"default","ast-page-background-meta":{"desktop":{"background-color":"var(--ast-global-color-4)","background-image":"","background-repeat":"repeat","background-position":"center center","background-size":"auto","background-attachment":"scroll","background-type":"","background-media":"","overlay-type":"","overlay-color":"","overlay-opacity":"","overlay-gradient":""},"tablet":{"background-color":"","background-image":"","background-repeat":"repeat","background-position":"center center","background-size":"auto","background-attachment":"scroll","background-type":"","background-media":"","overlay-type":"","overlay-color":"","overlay-opacity":"","overlay-gradient":""},"mobile":{"background-color":"","background-image":"","background-repeat":"repeat","background-position":"center center","background-size":"auto","background-attachment":"scroll","background-type":"","background-media":"","overlay-type":"","overlay-color":"","overlay-opacity":"","overlay-gradient":""}},"ast-content-background-meta":{"desktop":{"background-color":"var(--ast-global-color-5)","background-image":"","background-repeat":"repeat","background-position":"center center","background-size":"auto","background-attachment":"scroll","background-type":"","background-media":"","overlay-type":"","overlay-color":"","overlay-opacity":"","overlay-gradient":""},"tablet":{"background-color":"var(--ast-global-color-5)","background-image":"","background-repeat":"repeat","background-position":"center center","background-size":"auto","background-attachment":"scroll","background-type":"","background-media":"","overlay-type":"","overlay-color":"","overlay-opacity":"","overlay-gradient":""},"mobile":{"background-color":"var(--ast-global-color-5)","background-image":"","background-repeat":"repeat","background-position":"center center","background-size":"auto","background-attachment":"scroll","background-type":"","background-media":"","overlay-type":"","overlay-color":"","overlay-opacity":"","overlay-gradient":""}},"footnotes":""},"categories":[20],"tags":[],"class_list":["post-4040","post","type-post","status-publish","format-standard","has-post-thumbnail","hentry","category-sem-categoria-pt"],"yoast_head":"<!-- This site is optimized with the Yoast SEO Premium plugin v25.8 (Yoast SEO v25.8) - https:\/\/yoast.com\/wordpress\/plugins\/seo\/ -->\n<title>Setor madeireiro rumo a 2026: reorganiza\u00e7\u00e3o, cautela e efici\u00eancia no uso das serras - Franzoi Ferramentas<\/title>\n<meta name=\"robots\" content=\"index, follow, max-snippet:-1, max-image-preview:large, max-video-preview:-1\" \/>\n<link rel=\"canonical\" href=\"https:\/\/www.franzoi.com.br\/es\/setor-madeireiro-rumo-a-2026-reorganizacao-cautela-e-eficiencia-no-uso-das-serras\/\" \/>\n<meta property=\"og:locale\" content=\"es_ES\" \/>\n<meta property=\"og:type\" content=\"article\" \/>\n<meta property=\"og:title\" content=\"Setor madeireiro rumo a 2026: reorganiza\u00e7\u00e3o, cautela e efici\u00eancia no uso das serras\" \/>\n<meta property=\"og:description\" content=\"Depois de um 2025 marcado por tarifas adicionais dos Estados Unidos, risco de novas investiga\u00e7\u00f5es comerciais, avan\u00e7o do regulamento europeu [&hellip;]\" \/>\n<meta property=\"og:url\" content=\"https:\/\/www.franzoi.com.br\/es\/setor-madeireiro-rumo-a-2026-reorganizacao-cautela-e-eficiencia-no-uso-das-serras\/\" \/>\n<meta property=\"og:site_name\" content=\"Franzoi Ferramentas\" \/>\n<meta property=\"article:publisher\" content=\"https:\/\/www.facebook.com\/franzoiferramentas\" \/>\n<meta property=\"article:published_time\" content=\"2026-01-15T11:30:00+00:00\" \/>\n<meta property=\"og:image\" content=\"https:\/\/www.franzoi.com.br\/wp-content\/uploads\/2025\/12\/Blog-Franzoi-imagem.png\" \/>\n\t<meta property=\"og:image:width\" content=\"900\" \/>\n\t<meta property=\"og:image:height\" content=\"600\" \/>\n\t<meta property=\"og:image:type\" content=\"image\/png\" \/>\n<meta name=\"author\" content=\"Nei\" \/>\n<meta name=\"twitter:card\" content=\"summary_large_image\" \/>\n<meta name=\"twitter:label1\" content=\"Escrito por\" \/>\n\t<meta name=\"twitter:data1\" content=\"Nei\" \/>\n\t<meta name=\"twitter:label2\" content=\"Tiempo de lectura\" \/>\n\t<meta name=\"twitter:data2\" content=\"2 minutos\" \/>\n<script type=\"application\/ld+json\" class=\"yoast-schema-graph\">{\"@context\":\"https:\/\/schema.org\",\"@graph\":[{\"@type\":\"Article\",\"@id\":\"https:\/\/www.franzoi.com.br\/setor-madeireiro-rumo-a-2026-reorganizacao-cautela-e-eficiencia-no-uso-das-serras\/#article\",\"isPartOf\":{\"@id\":\"https:\/\/www.franzoi.com.br\/setor-madeireiro-rumo-a-2026-reorganizacao-cautela-e-eficiencia-no-uso-das-serras\/\"},\"author\":{\"name\":\"Nei\",\"@id\":\"https:\/\/www.franzoi.com.br\/pt-br\/#\/schema\/person\/ee063f68a2fa14e5a296d4107335933c\"},\"headline\":\"Setor madeireiro rumo a 2026: reorganiza\u00e7\u00e3o, cautela e efici\u00eancia no uso das serras\",\"datePublished\":\"2026-01-15T11:30:00+00:00\",\"mainEntityOfPage\":{\"@id\":\"https:\/\/www.franzoi.com.br\/setor-madeireiro-rumo-a-2026-reorganizacao-cautela-e-eficiencia-no-uso-das-serras\/\"},\"wordCount\":321,\"commentCount\":0,\"publisher\":{\"@id\":\"https:\/\/www.franzoi.com.br\/pt-br\/#organization\"},\"image\":{\"@id\":\"https:\/\/www.franzoi.com.br\/setor-madeireiro-rumo-a-2026-reorganizacao-cautela-e-eficiencia-no-uso-das-serras\/#primaryimage\"},\"thumbnailUrl\":\"https:\/\/www.franzoi.com.br\/wp-content\/uploads\/2025\/12\/Blog-Franzoi-imagem.png\",\"articleSection\":[\"Sem categoria\"],\"inLanguage\":\"es\",\"potentialAction\":[{\"@type\":\"CommentAction\",\"name\":\"Comment\",\"target\":[\"https:\/\/www.franzoi.com.br\/setor-madeireiro-rumo-a-2026-reorganizacao-cautela-e-eficiencia-no-uso-das-serras\/#respond\"]}]},{\"@type\":\"WebPage\",\"@id\":\"https:\/\/www.franzoi.com.br\/setor-madeireiro-rumo-a-2026-reorganizacao-cautela-e-eficiencia-no-uso-das-serras\/\",\"url\":\"https:\/\/www.franzoi.com.br\/setor-madeireiro-rumo-a-2026-reorganizacao-cautela-e-eficiencia-no-uso-das-serras\/\",\"name\":\"Setor madeireiro rumo a 2026: reorganiza\u00e7\u00e3o, cautela e efici\u00eancia no uso das serras - Franzoi Ferramentas\",\"isPartOf\":{\"@id\":\"https:\/\/www.franzoi.com.br\/pt-br\/#website\"},\"primaryImageOfPage\":{\"@id\":\"https:\/\/www.franzoi.com.br\/setor-madeireiro-rumo-a-2026-reorganizacao-cautela-e-eficiencia-no-uso-das-serras\/#primaryimage\"},\"image\":{\"@id\":\"https:\/\/www.franzoi.com.br\/setor-madeireiro-rumo-a-2026-reorganizacao-cautela-e-eficiencia-no-uso-das-serras\/#primaryimage\"},\"thumbnailUrl\":\"https:\/\/www.franzoi.com.br\/wp-content\/uploads\/2025\/12\/Blog-Franzoi-imagem.png\",\"datePublished\":\"2026-01-15T11:30:00+00:00\",\"breadcrumb\":{\"@id\":\"https:\/\/www.franzoi.com.br\/setor-madeireiro-rumo-a-2026-reorganizacao-cautela-e-eficiencia-no-uso-das-serras\/#breadcrumb\"},\"inLanguage\":\"es\",\"potentialAction\":[{\"@type\":\"ReadAction\",\"target\":[\"https:\/\/www.franzoi.com.br\/setor-madeireiro-rumo-a-2026-reorganizacao-cautela-e-eficiencia-no-uso-das-serras\/\"]}]},{\"@type\":\"ImageObject\",\"inLanguage\":\"es\",\"@id\":\"https:\/\/www.franzoi.com.br\/setor-madeireiro-rumo-a-2026-reorganizacao-cautela-e-eficiencia-no-uso-das-serras\/#primaryimage\",\"url\":\"https:\/\/www.franzoi.com.br\/wp-content\/uploads\/2025\/12\/Blog-Franzoi-imagem.png\",\"contentUrl\":\"https:\/\/www.franzoi.com.br\/wp-content\/uploads\/2025\/12\/Blog-Franzoi-imagem.png\",\"width\":900,\"height\":600},{\"@type\":\"BreadcrumbList\",\"@id\":\"https:\/\/www.franzoi.com.br\/setor-madeireiro-rumo-a-2026-reorganizacao-cautela-e-eficiencia-no-uso-das-serras\/#breadcrumb\",\"itemListElement\":[{\"@type\":\"ListItem\",\"position\":1,\"name\":\"In\u00edcio\",\"item\":\"https:\/\/www.franzoi.com.br\/\"},{\"@type\":\"ListItem\",\"position\":2,\"name\":\"Setor madeireiro rumo a 2026: reorganiza\u00e7\u00e3o, cautela e efici\u00eancia no uso das serras\"}]},{\"@type\":\"WebSite\",\"@id\":\"https:\/\/www.franzoi.com.br\/pt-br\/#website\",\"url\":\"https:\/\/www.franzoi.com.br\/pt-br\/\",\"name\":\"Franzoi Ferramentas\",\"description\":\"Ind\u00fastria e Com\u00e9rcio\",\"publisher\":{\"@id\":\"https:\/\/www.franzoi.com.br\/pt-br\/#organization\"},\"potentialAction\":[{\"@type\":\"SearchAction\",\"target\":{\"@type\":\"EntryPoint\",\"urlTemplate\":\"https:\/\/www.franzoi.com.br\/pt-br\/?s={search_term_string}\"},\"query-input\":{\"@type\":\"PropertyValueSpecification\",\"valueRequired\":true,\"valueName\":\"search_term_string\"}}],\"inLanguage\":\"es\"},{\"@type\":\"Organization\",\"@id\":\"https:\/\/www.franzoi.com.br\/pt-br\/#organization\",\"name\":\"Franzoi Ferramentas\",\"url\":\"https:\/\/www.franzoi.com.br\/pt-br\/\",\"logo\":{\"@type\":\"ImageObject\",\"inLanguage\":\"es\",\"@id\":\"https:\/\/www.franzoi.com.br\/pt-br\/#\/schema\/logo\/image\/\",\"url\":\"https:\/\/www.franzoi.com.br\/wp-content\/uploads\/2024\/10\/grupo-2-at-2x-671a540a05653.webp\",\"contentUrl\":\"https:\/\/www.franzoi.com.br\/wp-content\/uploads\/2024\/10\/grupo-2-at-2x-671a540a05653.webp\",\"width\":316,\"height\":76,\"caption\":\"Franzoi Ferramentas\"},\"image\":{\"@id\":\"https:\/\/www.franzoi.com.br\/pt-br\/#\/schema\/logo\/image\/\"},\"sameAs\":[\"https:\/\/www.facebook.com\/franzoiferramentas\",\"https:\/\/www.instagram.com\/franzoiferramentas\/\",\"https:\/\/www.linkedin.com\/company\/franzoiferramentas\/\",\"https:\/\/www.youtube.com\/channel\/UCA_87Gy7jdI4WQZ-iFKMUtg\"]},{\"@type\":\"Person\",\"@id\":\"https:\/\/www.franzoi.com.br\/pt-br\/#\/schema\/person\/ee063f68a2fa14e5a296d4107335933c\",\"name\":\"Nei\",\"image\":{\"@type\":\"ImageObject\",\"inLanguage\":\"es\",\"@id\":\"https:\/\/www.franzoi.com.br\/pt-br\/#\/schema\/person\/image\/\",\"url\":\"https:\/\/secure.gravatar.com\/avatar\/cd9e66c83374edf83e41e9f4d24836bfb85c0ad5399ad66eb4499d77349f4632?s=96&d=mm&r=g\",\"contentUrl\":\"https:\/\/secure.gravatar.com\/avatar\/cd9e66c83374edf83e41e9f4d24836bfb85c0ad5399ad66eb4499d77349f4632?s=96&d=mm&r=g\",\"caption\":\"Nei\"},\"url\":\"https:\/\/www.franzoi.com.br\/es\/author\/neiduo\/\"}]}<\/script>\n<!-- \/ Yoast SEO Premium plugin. -->","yoast_head_json":{"title":"Setor madeireiro rumo a 2026: reorganiza\u00e7\u00e3o, cautela e efici\u00eancia no uso das serras - Franzoi Ferramentas","robots":{"index":"index","follow":"follow","max-snippet":"max-snippet:-1","max-image-preview":"max-image-preview:large","max-video-preview":"max-video-preview:-1"},"canonical":"https:\/\/www.franzoi.com.br\/es\/setor-madeireiro-rumo-a-2026-reorganizacao-cautela-e-eficiencia-no-uso-das-serras\/","og_locale":"es_ES","og_type":"article","og_title":"Setor madeireiro rumo a 2026: reorganiza\u00e7\u00e3o, cautela e efici\u00eancia no uso das serras","og_description":"Depois de um 2025 marcado por tarifas adicionais dos Estados Unidos, risco de novas investiga\u00e7\u00f5es comerciais, avan\u00e7o do regulamento europeu [&hellip;]","og_url":"https:\/\/www.franzoi.com.br\/es\/setor-madeireiro-rumo-a-2026-reorganizacao-cautela-e-eficiencia-no-uso-das-serras\/","og_site_name":"Franzoi Ferramentas","article_publisher":"https:\/\/www.facebook.com\/franzoiferramentas","article_published_time":"2026-01-15T11:30:00+00:00","og_image":[{"width":900,"height":600,"url":"https:\/\/www.franzoi.com.br\/wp-content\/uploads\/2025\/12\/Blog-Franzoi-imagem.png","type":"image\/png"}],"author":"Nei","twitter_card":"summary_large_image","twitter_misc":{"Escrito por":"Nei","Tiempo de lectura":"2 minutos"},"schema":{"@context":"https:\/\/schema.org","@graph":[{"@type":"Article","@id":"https:\/\/www.franzoi.com.br\/setor-madeireiro-rumo-a-2026-reorganizacao-cautela-e-eficiencia-no-uso-das-serras\/#article","isPartOf":{"@id":"https:\/\/www.franzoi.com.br\/setor-madeireiro-rumo-a-2026-reorganizacao-cautela-e-eficiencia-no-uso-das-serras\/"},"author":{"name":"Nei","@id":"https:\/\/www.franzoi.com.br\/pt-br\/#\/schema\/person\/ee063f68a2fa14e5a296d4107335933c"},"headline":"Setor madeireiro rumo a 2026: reorganiza\u00e7\u00e3o, cautela e efici\u00eancia no uso das serras","datePublished":"2026-01-15T11:30:00+00:00","mainEntityOfPage":{"@id":"https:\/\/www.franzoi.com.br\/setor-madeireiro-rumo-a-2026-reorganizacao-cautela-e-eficiencia-no-uso-das-serras\/"},"wordCount":321,"commentCount":0,"publisher":{"@id":"https:\/\/www.franzoi.com.br\/pt-br\/#organization"},"image":{"@id":"https:\/\/www.franzoi.com.br\/setor-madeireiro-rumo-a-2026-reorganizacao-cautela-e-eficiencia-no-uso-das-serras\/#primaryimage"},"thumbnailUrl":"https:\/\/www.franzoi.com.br\/wp-content\/uploads\/2025\/12\/Blog-Franzoi-imagem.png","articleSection":["Sem categoria"],"inLanguage":"es","potentialAction":[{"@type":"CommentAction","name":"Comment","target":["https:\/\/www.franzoi.com.br\/setor-madeireiro-rumo-a-2026-reorganizacao-cautela-e-eficiencia-no-uso-das-serras\/#respond"]}]},{"@type":"WebPage","@id":"https:\/\/www.franzoi.com.br\/setor-madeireiro-rumo-a-2026-reorganizacao-cautela-e-eficiencia-no-uso-das-serras\/","url":"https:\/\/www.franzoi.com.br\/setor-madeireiro-rumo-a-2026-reorganizacao-cautela-e-eficiencia-no-uso-das-serras\/","name":"Setor madeireiro rumo a 2026: reorganiza\u00e7\u00e3o, cautela e efici\u00eancia no uso das serras - Franzoi Ferramentas","isPartOf":{"@id":"https:\/\/www.franzoi.com.br\/pt-br\/#website"},"primaryImageOfPage":{"@id":"https:\/\/www.franzoi.com.br\/setor-madeireiro-rumo-a-2026-reorganizacao-cautela-e-eficiencia-no-uso-das-serras\/#primaryimage"},"image":{"@id":"https:\/\/www.franzoi.com.br\/setor-madeireiro-rumo-a-2026-reorganizacao-cautela-e-eficiencia-no-uso-das-serras\/#primaryimage"},"thumbnailUrl":"https:\/\/www.franzoi.com.br\/wp-content\/uploads\/2025\/12\/Blog-Franzoi-imagem.png","datePublished":"2026-01-15T11:30:00+00:00","breadcrumb":{"@id":"https:\/\/www.franzoi.com.br\/setor-madeireiro-rumo-a-2026-reorganizacao-cautela-e-eficiencia-no-uso-das-serras\/#breadcrumb"},"inLanguage":"es","potentialAction":[{"@type":"ReadAction","target":["https:\/\/www.franzoi.com.br\/setor-madeireiro-rumo-a-2026-reorganizacao-cautela-e-eficiencia-no-uso-das-serras\/"]}]},{"@type":"ImageObject","inLanguage":"es","@id":"https:\/\/www.franzoi.com.br\/setor-madeireiro-rumo-a-2026-reorganizacao-cautela-e-eficiencia-no-uso-das-serras\/#primaryimage","url":"https:\/\/www.franzoi.com.br\/wp-content\/uploads\/2025\/12\/Blog-Franzoi-imagem.png","contentUrl":"https:\/\/www.franzoi.com.br\/wp-content\/uploads\/2025\/12\/Blog-Franzoi-imagem.png","width":900,"height":600},{"@type":"BreadcrumbList","@id":"https:\/\/www.franzoi.com.br\/setor-madeireiro-rumo-a-2026-reorganizacao-cautela-e-eficiencia-no-uso-das-serras\/#breadcrumb","itemListElement":[{"@type":"ListItem","position":1,"name":"In\u00edcio","item":"https:\/\/www.franzoi.com.br\/"},{"@type":"ListItem","position":2,"name":"Setor madeireiro rumo a 2026: reorganiza\u00e7\u00e3o, cautela e efici\u00eancia no uso das serras"}]},{"@type":"WebSite","@id":"https:\/\/www.franzoi.com.br\/pt-br\/#website","url":"https:\/\/www.franzoi.com.br\/pt-br\/","name":"Franzoi Herramientas","description":"Ind\u00fastria e Com\u00e9rcio","publisher":{"@id":"https:\/\/www.franzoi.com.br\/pt-br\/#organization"},"potentialAction":[{"@type":"SearchAction","target":{"@type":"EntryPoint","urlTemplate":"https:\/\/www.franzoi.com.br\/pt-br\/?s={search_term_string}"},"query-input":{"@type":"PropertyValueSpecification","valueRequired":true,"valueName":"search_term_string"}}],"inLanguage":"es"},{"@type":"Organization","@id":"https:\/\/www.franzoi.com.br\/pt-br\/#organization","name":"Franzoi Herramientas","url":"https:\/\/www.franzoi.com.br\/pt-br\/","logo":{"@type":"ImageObject","inLanguage":"es","@id":"https:\/\/www.franzoi.com.br\/pt-br\/#\/schema\/logo\/image\/","url":"https:\/\/www.franzoi.com.br\/wp-content\/uploads\/2024\/10\/grupo-2-at-2x-671a540a05653.webp","contentUrl":"https:\/\/www.franzoi.com.br\/wp-content\/uploads\/2024\/10\/grupo-2-at-2x-671a540a05653.webp","width":316,"height":76,"caption":"Franzoi Ferramentas"},"image":{"@id":"https:\/\/www.franzoi.com.br\/pt-br\/#\/schema\/logo\/image\/"},"sameAs":["https:\/\/www.facebook.com\/franzoiferramentas","https:\/\/www.instagram.com\/franzoiferramentas\/","https:\/\/www.linkedin.com\/company\/franzoiferramentas\/","https:\/\/www.youtube.com\/channel\/UCA_87Gy7jdI4WQZ-iFKMUtg"]},{"@type":"Person","@id":"https:\/\/www.franzoi.com.br\/pt-br\/#\/schema\/person\/ee063f68a2fa14e5a296d4107335933c","name":"Nei","image":{"@type":"ImageObject","inLanguage":"es","@id":"https:\/\/www.franzoi.com.br\/pt-br\/#\/schema\/person\/image\/","url":"https:\/\/secure.gravatar.com\/avatar\/cd9e66c83374edf83e41e9f4d24836bfb85c0ad5399ad66eb4499d77349f4632?s=96&d=mm&r=g","contentUrl":"https:\/\/secure.gravatar.com\/avatar\/cd9e66c83374edf83e41e9f4d24836bfb85c0ad5399ad66eb4499d77349f4632?s=96&d=mm&r=g","caption":"Nei"},"url":"https:\/\/www.franzoi.com.br\/es\/author\/neiduo\/"}]}},"_links":{"self":[{"href":"https:\/\/www.franzoi.com.br\/es\/wp-json\/wp\/v2\/posts\/4040","targetHints":{"allow":["GET"]}}],"collection":[{"href":"https:\/\/www.franzoi.com.br\/es\/wp-json\/wp\/v2\/posts"}],"about":[{"href":"https:\/\/www.franzoi.com.br\/es\/wp-json\/wp\/v2\/types\/post"}],"author":[{"embeddable":true,"href":"https:\/\/www.franzoi.com.br\/es\/wp-json\/wp\/v2\/users\/2"}],"replies":[{"embeddable":true,"href":"https:\/\/www.franzoi.com.br\/es\/wp-json\/wp\/v2\/comments?post=4040"}],"version-history":[{"count":1,"href":"https:\/\/www.franzoi.com.br\/es\/wp-json\/wp\/v2\/posts\/4040\/revisions"}],"predecessor-version":[{"id":4042,"href":"https:\/\/www.franzoi.com.br\/es\/wp-json\/wp\/v2\/posts\/4040\/revisions\/4042"}],"wp:featuredmedia":[{"embeddable":true,"href":"https:\/\/www.franzoi.com.br\/es\/wp-json\/wp\/v2\/media\/4041"}],"wp:attachment":[{"href":"https:\/\/www.franzoi.com.br\/es\/wp-json\/wp\/v2\/media?parent=4040"}],"wp:term":[{"taxonomy":"category","embeddable":true,"href":"https:\/\/www.franzoi.com.br\/es\/wp-json\/wp\/v2\/categories?post=4040"},{"taxonomy":"post_tag","embeddable":true,"href":"https:\/\/www.franzoi.com.br\/es\/wp-json\/wp\/v2\/tags?post=4040"}],"curies":[{"name":"wp","href":"https:\/\/api.w.org\/{rel}","templated":true}]}}